{"id":4012,"date":"2026-04-21T09:56:49","date_gmt":"2026-04-21T07:56:49","guid":{"rendered":"https:\/\/www.vera-nature.com\/?p=4012"},"modified":"2026-04-22T18:12:32","modified_gmt":"2026-04-22T16:12:32","slug":"vera-nature-au-salon-ya-kadem-lina-plongez-au-coeur-du-naturel","status":"publish","type":"post","link":"https:\/\/www.vera-nature.com\/en\/vera-nature-au-salon-ya-kadem-lina-plongez-au-coeur-du-naturel\/","title":{"rendered":"Vera Nature au Salon \u201cYa Kadem Lina\u201d : plongez au c\u0153ur du naturel"},"content":{"rendered":"<p>Vera Nature a le plaisir de vous annoncer sa participation au salon \u201cYa Kadem Lina\u201d, un rendez-vous incontournable d\u00e9di\u00e9 \u00e0 l\u2019artisanat, au bien-\u00eatre et aux soins naturels.<\/p>\n\n\n\n<p>\ud83d\udccd Lieu : H\u00f4tel Naher El Founoun, Route Taniour KM 3<br>\ud83d\udcc5 Dates : Du 21 au 26 avril<br>\ud83d\udd59 Horaires : De 10h \u00e0 20h<\/p>\n\n\n\n<p>\u00c0 cette occasion, notre \u00e9quipe vous invite \u00e0 d\u00e9couvrir un univers authentique o\u00f9 la nature est au centre de chaque cr\u00e9ation. Nos produits, soigneusement \u00e9labor\u00e9s, r\u00e9v\u00e8lent toute la richesse des plantes et des ingr\u00e9dients naturels pour sublimer votre routine bien-\u00eatre.<\/p>\n\n\n\n<p>\ud83c\udf3f Au programme :<\/p>\n\n\n\n<ul class=\"wp-block-list\">\n<li>D\u00e9couverte de notre gamme d\u2019eaux naturelles (eau de rose, eau de menthe, eau de fleur d\u2019oranger, et bien plus encore)<\/li>\n\n\n\n<li>Conseils personnalis\u00e9s pour int\u00e9grer le naturel dans votre routine quotidienne<\/li>\n\n\n\n<li>\u00c9changes privil\u00e9gi\u00e9s avec notre \u00e9quipe passionn\u00e9e<\/li>\n\n\n\n<li>Surprises, cadeaux et tests produits sur place<\/li>\n<\/ul>\n\n\n\n<p>Ce salon est une belle occasion de venir \u00e0 notre rencontre, d\u2019\u00e9changer autour de nos valeurs et de vivre une exp\u00e9rience sensorielle unique.<\/p>\n\n\n\n<p>\u2728 Nous serons ravis de vous accueillir et de vous faire d\u00e9couvrir l\u2019univers Vera Nature.<\/p>\n\n\n\n<p>\u00c0 tr\u00e8s bient\u00f4t,<br>L\u2019\u00e9quipe Vera Nature<\/p>\n\n\n\n<figure class=\"wp-block-image size-large\"><img fetchpriority=\"high\" decoding=\"async\" width=\"1024\" height=\"768\" src=\"https:\/\/www.vera-nature.com\/wp-content\/uploads\/2026\/04\/WhatsApp-Image-2026-04-22-at-12.37.50-1024x768.jpeg\" alt=\"\" class=\"wp-image-4024\" srcset=\"https:\/\/www.vera-nature.com\/wp-content\/uploads\/2026\/04\/WhatsApp-Image-2026-04-22-at-12.37.50-1024x768.jpeg 1024w, https:\/\/www.vera-nature.com\/wp-content\/uploads\/2026\/04\/WhatsApp-Image-2026-04-22-at-12.37.50-300x225.jpeg 300w, https:\/\/www.vera-nature.com\/wp-content\/uploads\/2026\/04\/WhatsApp-Image-2026-04-22-at-12.37.50-768x576.jpeg 768w, https:\/\/www.vera-nature.com\/wp-content\/uploads\/2026\/04\/WhatsApp-Image-2026-04-22-at-12.37.50-16x12.jpeg 16w, https:\/\/www.vera-nature.com\/wp-content\/uploads\/2026\/04\/WhatsApp-Image-2026-04-22-at-12.37.50-570x428.jpeg 570w, https:\/\/www.vera-nature.com\/wp-content\/uploads\/2026\/04\/WhatsApp-Image-2026-04-22-at-12.37.50.jpeg 1280w\" sizes=\"(max-width: 1024px) 100vw, 1024px\" \/><\/figure>","protected":false},"excerpt":{"rendered":"<p>Vera Nature a le plaisir de vous annoncer sa participation au salon \u201cYa Kadem Lina\u201d, un rendez-vous incontournable d\u00e9di\u00e9 \u00e0 l\u2019artisanat, au bien-\u00eatre et aux soins naturels. \ud83d\udccd Lieu : H\u00f4tel Naher El Founoun, Route Taniour KM 3\ud83d\udcc5 Dates : Du 21 au 26 avril\ud83d\udd59 Horaires : De 10h \u00e0 20h \u00c0 cette occasion, notre [&hellip;]<\/p>\n","protected":false},"author":1,"featured_media":4026,"comment_status":"closed","ping_status":"closed","sticky":false,"template":"","format":"standard","meta":{"footnotes":""},"categories":[81],"tags":[],"class_list":["post-4012","post","type-post","status-publish","format-standard","has-post-thumbnail","hentry","category-actualites"],"yoast_head":"<!-- This site is optimized with the Yoast SEO plugin v27.0 - https:\/\/yoast.com\/product\/yoast-seo-wordpress\/ -->\n<title>Vera Nature au Salon \u201cYa Kadem Lina\u201d : plongez au c\u0153ur du naturel - Vera nature<\/title>\n<meta name=\"robots\" content=\"index, follow, max-snippet:-1, max-image-preview:large, max-video-preview:-1\" \/>\n<link rel=\"canonical\" href=\"https:\/\/www.vera-nature.com\/en\/vera-nature-au-salon-ya-kadem-lina-plongez-au-coeur-du-naturel\/\" \/>\n<meta property=\"og:locale\" content=\"en_GB\" \/>\n<meta property=\"og:type\" content=\"article\" \/>\n<meta property=\"og:title\" content=\"Vera Nature au Salon \u201cYa Kadem Lina\u201d : plongez au c\u0153ur du naturel - Vera nature\" \/>\n<meta property=\"og:description\" content=\"Vera Nature a le plaisir de vous annoncer sa participation au salon \u201cYa Kadem Lina\u201d, un rendez-vous incontournable d\u00e9di\u00e9 \u00e0 l\u2019artisanat, au bien-\u00eatre et aux soins naturels. \ud83d\udccd Lieu : H\u00f4tel Naher El Founoun, Route Taniour KM 3\ud83d\udcc5 Dates : Du 21 au 26 avril\ud83d\udd59 Horaires : De 10h \u00e0 20h \u00c0 cette occasion, notre [&hellip;]\" \/>\n<meta property=\"og:url\" content=\"https:\/\/www.vera-nature.com\/en\/vera-nature-au-salon-ya-kadem-lina-plongez-au-coeur-du-naturel\/\" \/>\n<meta property=\"og:site_name\" content=\"Vera nature\" \/>\n<meta property=\"article:published_time\" content=\"2026-04-21T07:56:49+00:00\" \/>\n<meta property=\"article:modified_time\" content=\"2026-04-22T16:12:32+00:00\" \/>\n<meta property=\"og:image\" content=\"https:\/\/www.vera-nature.com\/wp-content\/uploads\/2026\/04\/yakadim-lina.webp\" \/>\n\t<meta property=\"og:image:width\" content=\"1600\" \/>\n\t<meta property=\"og:image:height\" content=\"512\" \/>\n\t<meta property=\"og:image:type\" content=\"image\/webp\" \/>\n<meta name=\"author\" content=\"webmaster\" \/>\n<meta name=\"twitter:card\" content=\"summary_large_image\" \/>\n<meta name=\"twitter:label1\" content=\"Written by\" \/>\n\t<meta name=\"twitter:data1\" content=\"webmaster\" \/>\n\t<meta name=\"twitter:label2\" content=\"Estimated reading time\" \/>\n\t<meta name=\"twitter:data2\" content=\"2 minutes\" \/>\n<script type=\"application\/ld+json\" class=\"yoast-schema-graph\">{\"@context\":\"https:\/\/schema.org\",\"@graph\":[{\"@type\":\"Article\",\"@id\":\"https:\/\/www.vera-nature.com\/vera-nature-au-salon-ya-kadem-lina-plongez-au-coeur-du-naturel\/#article\",\"isPartOf\":{\"@id\":\"https:\/\/www.vera-nature.com\/vera-nature-au-salon-ya-kadem-lina-plongez-au-coeur-du-naturel\/\"},\"author\":{\"name\":\"webmaster\",\"@id\":\"https:\/\/www.vera-nature.com\/#\/schema\/person\/aad20b71a304724cefe51265ee407499\"},\"headline\":\"Vera Nature au Salon \u201cYa Kadem Lina\u201d : plongez au c\u0153ur du naturel\",\"datePublished\":\"2026-04-21T07:56:49+00:00\",\"dateModified\":\"2026-04-22T16:12:32+00:00\",\"mainEntityOfPage\":{\"@id\":\"https:\/\/www.vera-nature.com\/vera-nature-au-salon-ya-kadem-lina-plongez-au-coeur-du-naturel\/\"},\"wordCount\":205,\"publisher\":{\"@id\":\"https:\/\/www.vera-nature.com\/#organization\"},\"image\":{\"@id\":\"https:\/\/www.vera-nature.com\/vera-nature-au-salon-ya-kadem-lina-plongez-au-coeur-du-naturel\/#primaryimage\"},\"thumbnailUrl\":\"https:\/\/www.vera-nature.com\/wp-content\/uploads\/2026\/04\/yakadim-lina.webp\",\"articleSection\":[\"Actualit\u00e9s\"],\"inLanguage\":\"en-GB\"},{\"@type\":\"WebPage\",\"@id\":\"https:\/\/www.vera-nature.com\/vera-nature-au-salon-ya-kadem-lina-plongez-au-coeur-du-naturel\/\",\"url\":\"https:\/\/www.vera-nature.com\/vera-nature-au-salon-ya-kadem-lina-plongez-au-coeur-du-naturel\/\",\"name\":\"Vera Nature au Salon \u201cYa Kadem Lina\u201d : plongez au c\u0153ur du naturel - Vera nature\",\"isPartOf\":{\"@id\":\"https:\/\/www.vera-nature.com\/#website\"},\"primaryImageOfPage\":{\"@id\":\"https:\/\/www.vera-nature.com\/vera-nature-au-salon-ya-kadem-lina-plongez-au-coeur-du-naturel\/#primaryimage\"},\"image\":{\"@id\":\"https:\/\/www.vera-nature.com\/vera-nature-au-salon-ya-kadem-lina-plongez-au-coeur-du-naturel\/#primaryimage\"},\"thumbnailUrl\":\"https:\/\/www.vera-nature.com\/wp-content\/uploads\/2026\/04\/yakadim-lina.webp\",\"datePublished\":\"2026-04-21T07:56:49+00:00\",\"dateModified\":\"2026-04-22T16:12:32+00:00\",\"breadcrumb\":{\"@id\":\"https:\/\/www.vera-nature.com\/vera-nature-au-salon-ya-kadem-lina-plongez-au-coeur-du-naturel\/#breadcrumb\"},\"inLanguage\":\"en-GB\",\"potentialAction\":[{\"@type\":\"ReadAction\",\"target\":[\"https:\/\/www.vera-nature.com\/vera-nature-au-salon-ya-kadem-lina-plongez-au-coeur-du-naturel\/\"]}]},{\"@type\":\"ImageObject\",\"inLanguage\":\"en-GB\",\"@id\":\"https:\/\/www.vera-nature.com\/vera-nature-au-salon-ya-kadem-lina-plongez-au-coeur-du-naturel\/#primaryimage\",\"url\":\"https:\/\/www.vera-nature.com\/wp-content\/uploads\/2026\/04\/yakadim-lina.webp\",\"contentUrl\":\"https:\/\/www.vera-nature.com\/wp-content\/uploads\/2026\/04\/yakadim-lina.webp\",\"width\":1600,\"height\":512},{\"@type\":\"BreadcrumbList\",\"@id\":\"https:\/\/www.vera-nature.com\/vera-nature-au-salon-ya-kadem-lina-plongez-au-coeur-du-naturel\/#breadcrumb\",\"itemListElement\":[{\"@type\":\"ListItem\",\"position\":1,\"name\":\"Accueil\",\"item\":\"https:\/\/www.vera-nature.com\/\"},{\"@type\":\"ListItem\",\"position\":2,\"name\":\"Vera Nature au Salon \u201cYa Kadem Lina\u201d : plongez au c\u0153ur du naturel\"}]},{\"@type\":\"WebSite\",\"@id\":\"https:\/\/www.vera-nature.com\/#website\",\"url\":\"https:\/\/www.vera-nature.com\/\",\"name\":\"Vera nature\",\"description\":\"\",\"publisher\":{\"@id\":\"https:\/\/www.vera-nature.com\/#organization\"},\"potentialAction\":[{\"@type\":\"SearchAction\",\"target\":{\"@type\":\"EntryPoint\",\"urlTemplate\":\"https:\/\/www.vera-nature.com\/?s={search_term_string}\"},\"query-input\":{\"@type\":\"PropertyValueSpecification\",\"valueRequired\":true,\"valueName\":\"search_term_string\"}}],\"inLanguage\":\"en-GB\"},{\"@type\":\"Organization\",\"@id\":\"https:\/\/www.vera-nature.com\/#organization\",\"name\":\"Vera nature\",\"url\":\"https:\/\/www.vera-nature.com\/\",\"logo\":{\"@type\":\"ImageObject\",\"inLanguage\":\"en-GB\",\"@id\":\"https:\/\/www.vera-nature.com\/#\/schema\/logo\/image\/\",\"url\":\"https:\/\/www.vera-nature.com\/wp-content\/uploads\/2023\/02\/logo_vernature.png\",\"contentUrl\":\"https:\/\/www.vera-nature.com\/wp-content\/uploads\/2023\/02\/logo_vernature.png\",\"width\":235,\"height\":88,\"caption\":\"Vera nature\"},\"image\":{\"@id\":\"https:\/\/www.vera-nature.com\/#\/schema\/logo\/image\/\"}},{\"@type\":\"Person\",\"@id\":\"https:\/\/www.vera-nature.com\/#\/schema\/person\/aad20b71a304724cefe51265ee407499\",\"name\":\"webmaster\",\"image\":{\"@type\":\"ImageObject\",\"inLanguage\":\"en-GB\",\"@id\":\"https:\/\/www.vera-nature.com\/#\/schema\/person\/image\/\",\"url\":\"https:\/\/secure.gravatar.com\/avatar\/c5ce57462bf6867b776a4bb438598ecc3fe021d0921a8bc74e636574faa678cb?s=96&d=mm&r=g\",\"contentUrl\":\"https:\/\/secure.gravatar.com\/avatar\/c5ce57462bf6867b776a4bb438598ecc3fe021d0921a8bc74e636574faa678cb?s=96&d=mm&r=g\",\"caption\":\"webmaster\"},\"sameAs\":[\"https:\/\/www.vera-nature.com\/\"]}]}<\/script>\n<!-- \/ Yoast SEO plugin. -->","yoast_head_json":{"title":"Vera Nature au Salon \u201cYa Kadem Lina\u201d : plongez au c\u0153ur du naturel - Vera nature","robots":{"index":"index","follow":"follow","max-snippet":"max-snippet:-1","max-image-preview":"max-image-preview:large","max-video-preview":"max-video-preview:-1"},"canonical":"https:\/\/www.vera-nature.com\/en\/vera-nature-au-salon-ya-kadem-lina-plongez-au-coeur-du-naturel\/","og_locale":"en_GB","og_type":"article","og_title":"Vera Nature au Salon \u201cYa Kadem Lina\u201d : plongez au c\u0153ur du naturel - Vera nature","og_description":"Vera Nature a le plaisir de vous annoncer sa participation au salon \u201cYa Kadem Lina\u201d, un rendez-vous incontournable d\u00e9di\u00e9 \u00e0 l\u2019artisanat, au bien-\u00eatre et aux soins naturels. \ud83d\udccd Lieu : H\u00f4tel Naher El Founoun, Route Taniour KM 3\ud83d\udcc5 Dates : Du 21 au 26 avril\ud83d\udd59 Horaires : De 10h \u00e0 20h \u00c0 cette occasion, notre [&hellip;]","og_url":"https:\/\/www.vera-nature.com\/en\/vera-nature-au-salon-ya-kadem-lina-plongez-au-coeur-du-naturel\/","og_site_name":"Vera nature","article_published_time":"2026-04-21T07:56:49+00:00","article_modified_time":"2026-04-22T16:12:32+00:00","og_image":[{"width":1600,"height":512,"url":"https:\/\/www.vera-nature.com\/wp-content\/uploads\/2026\/04\/yakadim-lina.webp","type":"image\/webp"}],"author":"webmaster","twitter_card":"summary_large_image","twitter_misc":{"Written by":"webmaster","Estimated reading time":"2 minutes"},"schema":{"@context":"https:\/\/schema.org","@graph":[{"@type":"Article","@id":"https:\/\/www.vera-nature.com\/vera-nature-au-salon-ya-kadem-lina-plongez-au-coeur-du-naturel\/#article","isPartOf":{"@id":"https:\/\/www.vera-nature.com\/vera-nature-au-salon-ya-kadem-lina-plongez-au-coeur-du-naturel\/"},"author":{"name":"webmaster","@id":"https:\/\/www.vera-nature.com\/#\/schema\/person\/aad20b71a304724cefe51265ee407499"},"headline":"Vera Nature au Salon \u201cYa Kadem Lina\u201d : plongez au c\u0153ur du naturel","datePublished":"2026-04-21T07:56:49+00:00","dateModified":"2026-04-22T16:12:32+00:00","mainEntityOfPage":{"@id":"https:\/\/www.vera-nature.com\/vera-nature-au-salon-ya-kadem-lina-plongez-au-coeur-du-naturel\/"},"wordCount":205,"publisher":{"@id":"https:\/\/www.vera-nature.com\/#organization"},"image":{"@id":"https:\/\/www.vera-nature.com\/vera-nature-au-salon-ya-kadem-lina-plongez-au-coeur-du-naturel\/#primaryimage"},"thumbnailUrl":"https:\/\/www.vera-nature.com\/wp-content\/uploads\/2026\/04\/yakadim-lina.webp","articleSection":["Actualit\u00e9s"],"inLanguage":"en-GB"},{"@type":"WebPage","@id":"https:\/\/www.vera-nature.com\/vera-nature-au-salon-ya-kadem-lina-plongez-au-coeur-du-naturel\/","url":"https:\/\/www.vera-nature.com\/vera-nature-au-salon-ya-kadem-lina-plongez-au-coeur-du-naturel\/","name":"Vera Nature au Salon \u201cYa Kadem Lina\u201d : plongez au c\u0153ur du naturel - Vera nature","isPartOf":{"@id":"https:\/\/www.vera-nature.com\/#website"},"primaryImageOfPage":{"@id":"https:\/\/www.vera-nature.com\/vera-nature-au-salon-ya-kadem-lina-plongez-au-coeur-du-naturel\/#primaryimage"},"image":{"@id":"https:\/\/www.vera-nature.com\/vera-nature-au-salon-ya-kadem-lina-plongez-au-coeur-du-naturel\/#primaryimage"},"thumbnailUrl":"https:\/\/www.vera-nature.com\/wp-content\/uploads\/2026\/04\/yakadim-lina.webp","datePublished":"2026-04-21T07:56:49+00:00","dateModified":"2026-04-22T16:12:32+00:00","breadcrumb":{"@id":"https:\/\/www.vera-nature.com\/vera-nature-au-salon-ya-kadem-lina-plongez-au-coeur-du-naturel\/#breadcrumb"},"inLanguage":"en-GB","potentialAction":[{"@type":"ReadAction","target":["https:\/\/www.vera-nature.com\/vera-nature-au-salon-ya-kadem-lina-plongez-au-coeur-du-naturel\/"]}]},{"@type":"ImageObject","inLanguage":"en-GB","@id":"https:\/\/www.vera-nature.com\/vera-nature-au-salon-ya-kadem-lina-plongez-au-coeur-du-naturel\/#primaryimage","url":"https:\/\/www.vera-nature.com\/wp-content\/uploads\/2026\/04\/yakadim-lina.webp","contentUrl":"https:\/\/www.vera-nature.com\/wp-content\/uploads\/2026\/04\/yakadim-lina.webp","width":1600,"height":512},{"@type":"BreadcrumbList","@id":"https:\/\/www.vera-nature.com\/vera-nature-au-salon-ya-kadem-lina-plongez-au-coeur-du-naturel\/#breadcrumb","itemListElement":[{"@type":"ListItem","position":1,"name":"Accueil","item":"https:\/\/www.vera-nature.com\/"},{"@type":"ListItem","position":2,"name":"Vera Nature au Salon \u201cYa Kadem Lina\u201d : plongez au c\u0153ur du naturel"}]},{"@type":"WebSite","@id":"https:\/\/www.vera-nature.com\/#website","url":"https:\/\/www.vera-nature.com\/","name":"Vera nature","description":"","publisher":{"@id":"https:\/\/www.vera-nature.com\/#organization"},"potentialAction":[{"@type":"SearchAction","target":{"@type":"EntryPoint","urlTemplate":"https:\/\/www.vera-nature.com\/?s={search_term_string}"},"query-input":{"@type":"PropertyValueSpecification","valueRequired":true,"valueName":"search_term_string"}}],"inLanguage":"en-GB"},{"@type":"Organization","@id":"https:\/\/www.vera-nature.com\/#organization","name":"Vera nature","url":"https:\/\/www.vera-nature.com\/","logo":{"@type":"ImageObject","inLanguage":"en-GB","@id":"https:\/\/www.vera-nature.com\/#\/schema\/logo\/image\/","url":"https:\/\/www.vera-nature.com\/wp-content\/uploads\/2023\/02\/logo_vernature.png","contentUrl":"https:\/\/www.vera-nature.com\/wp-content\/uploads\/2023\/02\/logo_vernature.png","width":235,"height":88,"caption":"Vera nature"},"image":{"@id":"https:\/\/www.vera-nature.com\/#\/schema\/logo\/image\/"}},{"@type":"Person","@id":"https:\/\/www.vera-nature.com\/#\/schema\/person\/aad20b71a304724cefe51265ee407499","name":"webmaster","image":{"@type":"ImageObject","inLanguage":"en-GB","@id":"https:\/\/www.vera-nature.com\/#\/schema\/person\/image\/","url":"https:\/\/secure.gravatar.com\/avatar\/c5ce57462bf6867b776a4bb438598ecc3fe021d0921a8bc74e636574faa678cb?s=96&d=mm&r=g","contentUrl":"https:\/\/secure.gravatar.com\/avatar\/c5ce57462bf6867b776a4bb438598ecc3fe021d0921a8bc74e636574faa678cb?s=96&d=mm&r=g","caption":"webmaster"},"sameAs":["https:\/\/www.vera-nature.com\/"]}]}},"_links":{"self":[{"href":"https:\/\/www.vera-nature.com\/en\/wp-json\/wp\/v2\/posts\/4012","targetHints":{"allow":["GET"]}}],"collection":[{"href":"https:\/\/www.vera-nature.com\/en\/wp-json\/wp\/v2\/posts"}],"about":[{"href":"https:\/\/www.vera-nature.com\/en\/wp-json\/wp\/v2\/types\/post"}],"author":[{"embeddable":true,"href":"https:\/\/www.vera-nature.com\/en\/wp-json\/wp\/v2\/users\/1"}],"replies":[{"embeddable":true,"href":"https:\/\/www.vera-nature.com\/en\/wp-json\/wp\/v2\/comments?post=4012"}],"version-history":[{"count":2,"href":"https:\/\/www.vera-nature.com\/en\/wp-json\/wp\/v2\/posts\/4012\/revisions"}],"predecessor-version":[{"id":4025,"href":"https:\/\/www.vera-nature.com\/en\/wp-json\/wp\/v2\/posts\/4012\/revisions\/4025"}],"wp:featuredmedia":[{"embeddable":true,"href":"https:\/\/www.vera-nature.com\/en\/wp-json\/wp\/v2\/media\/4026"}],"wp:attachment":[{"href":"https:\/\/www.vera-nature.com\/en\/wp-json\/wp\/v2\/media?parent=4012"}],"wp:term":[{"taxonomy":"category","embeddable":true,"href":"https:\/\/www.vera-nature.com\/en\/wp-json\/wp\/v2\/categories?post=4012"},{"taxonomy":"post_tag","embeddable":true,"href":"https:\/\/www.vera-nature.com\/en\/wp-json\/wp\/v2\/tags?post=4012"}],"curies":[{"name":"wp","href":"https:\/\/api.w.org\/{rel}","templated":true}]}}